{"id":22,"date":"2012-04-12T13:29:30","date_gmt":"2012-04-12T13:29:30","guid":{"rendered":"http:\/\/www.frontkratzer.de\/?p=22"},"modified":"2013-01-29T14:58:24","modified_gmt":"2013-01-29T14:58:24","slug":"die-qual-der-wahl","status":"publish","type":"post","link":"http:\/\/www.frontkratzer.de\/?p=22","title":{"rendered":"Die Qual der Wahl!"},"content":{"rendered":"<p>&nbsp;<\/p>\n<p>Wenn alles mal so einfach w\u00e4re wie das Kinder machen,\u00a0 dann w\u00fcrde ich jetzt nicht vor diesem Problem stehen:<\/p>\n<p>&nbsp;<\/p>\n<p><a href=\"http:\/\/www.frontkratzer.de\/wp-content\/uploads\/2012\/04\/Foto.jpg\"><img loading=\"lazy\" decoding=\"async\" class=\"aligncenter size-medium wp-image-25\" title=\"Vectra Felgen\" alt=\"\" src=\"http:\/\/www.frontkratzer.de\/wp-content\/uploads\/2012\/04\/Foto-e1334236291190-225x300.jpg\" width=\"225\" height=\"300\" srcset=\"http:\/\/www.frontkratzer.de\/wp-content\/uploads\/2012\/04\/Foto-e1334236291190-225x300.jpg 225w, http:\/\/www.frontkratzer.de\/wp-content\/uploads\/2012\/04\/Foto-e1334236291190-768x1024.jpg 768w, http:\/\/www.frontkratzer.de\/wp-content\/uploads\/2012\/04\/Foto-e1334236291190.jpg 1536w\" sizes=\"auto, (max-width: 225px) 100vw, 225px\" \/><\/a><\/p>\n<p><!--more--><\/p>\n<p>sieht soweit alles ganz gut aus, nur ein Problem gibt es an der Vorderachse. Der Porsche Bremssattel baut wesendlich weiter auf als der Serienm\u00e4\u00dfig verbaute Sattel. Kommen wir also nun zum Problem Nummer<\/p>\n<ol>\n<li>die Felge baut zu tief und steht viel zu weit raus wenn ich Distanzscheiben verwende um es passend zu machen<\/li>\n<li>Die Felge gibt es auch noch in 8 Zoll breite, oder besser gesagt es gab sie. Die Felge wurde vor 2,3 Jahren aus dem Programm genommen und die 8er Felgen sind nur noch f\u00fcr horrende Preise zu bekommen ( und dieses auch nur mit Gl\u00fcck )<\/li>\n<\/ol>\n<p>Nun zu den m\u00f6glichen L\u00f6sungswegen:<\/p>\n<ol>\n<li>ich kaufe f\u00fcr 400 Euro zwei Alufelgen des Typs wie auf dem Foto. Sp\u00e4ter w\u00fcrde ich diese Felgen hochglanzverdichten lassen ( Kostenpunkt pro Rad 150\u20ac ) Reifen w\u00e4ren vorhanden, wenn auch nur noch f\u00fcr eine Saison gut<\/li>\n<li>ich kaufe mir Alufelgen in 8 und 9&#215;18 und bestell entsprechend der passenden Einpresstiefe. Die Reifen f\u00fcr die Hinterachse habe ich noch, so gut wie neu, hier liegen: 245\/35\/18 . W\u00fcrden also nur 2 neue Reifen gekauft werden m\u00fcssen<\/li>\n<li>ich kaufe mir in der Bucht gebrauchte bereits hochglanzverdichtete 8 und 9er RH Zw1 f\u00fcr ca. 750\u20ac. Die Reifen die ich daf\u00fcr h\u00e4tte w\u00e4ren noch f\u00fcr eine Saison gut.\u00a0 Vom Prinzip her ist die L\u00f6sung hier eigendlich die g\u00fcnstigste und vor allem auch eine h\u00fcbsche Variante\n<p><div style=\"width: 394px\" class=\"wp-caption aligncenter\"><img loading=\"lazy\" decoding=\"async\" class=\" \" title=\"Bildquelle des Golf 3: http:\/\/www.vr6info.de\" alt=\"\" src=\"http:\/\/www.vr6info.de\/userpix\/946_vr_1.jpg\" width=\"384\" height=\"288\" \/><p class=\"wp-caption-text\">Bildquelle des Golf 3: http:\/\/www.vr6info.de<\/p><\/div><\/li>\n<\/ol>\n<p>&nbsp;<\/p>\n<p>Hilfe wird gebraucht!<\/p>\n<p>&nbsp;<\/p>\n<p>mfg<\/p>\n<p>&nbsp;<\/p>\n<p>Olli<\/p>\n<p>&nbsp;<\/p>\n","protected":false},"excerpt":{"rendered":"<p>&nbsp; Wenn alles mal so einfach w\u00e4re wie das Kinder machen,\u00a0 dann w\u00fcrde ich jetzt nicht vor diesem Problem stehen: &nbsp;<\/p>\n","protected":false},"author":1,"featured_media":0,"comment_status":"open","ping_status":"open","sticky":false,"template":"","format":"standard","meta":{"footnotes":""},"categories":[7],"tags":[],"class_list":["post-22","post","type-post","status-publish","format-standard","hentry","category-mein-blog"],"_links":{"self":[{"href":"http:\/\/www.frontkratzer.de\/index.php?rest_route=\/wp\/v2\/posts\/22","targetHints":{"allow":["GET"]}}],"collection":[{"href":"http:\/\/www.frontkratzer.de\/index.php?rest_route=\/wp\/v2\/posts"}],"about":[{"href":"http:\/\/www.frontkratzer.de\/index.php?rest_route=\/wp\/v2\/types\/post"}],"author":[{"embeddable":true,"href":"http:\/\/www.frontkratzer.de\/index.php?rest_route=\/wp\/v2\/users\/1"}],"replies":[{"embeddable":true,"href":"http:\/\/www.frontkratzer.de\/index.php?rest_route=%2Fwp%2Fv2%2Fcomments&post=22"}],"version-history":[{"count":6,"href":"http:\/\/www.frontkratzer.de\/index.php?rest_route=\/wp\/v2\/posts\/22\/revisions"}],"predecessor-version":[{"id":30,"href":"http:\/\/www.frontkratzer.de\/index.php?rest_route=\/wp\/v2\/posts\/22\/revisions\/30"}],"wp:attachment":[{"href":"http:\/\/www.frontkratzer.de\/index.php?rest_route=%2Fwp%2Fv2%2Fmedia&parent=22"}],"wp:term":[{"taxonomy":"category","embeddable":true,"href":"http:\/\/www.frontkratzer.de\/index.php?rest_route=%2Fwp%2Fv2%2Fcategories&post=22"},{"taxonomy":"post_tag","embeddable":true,"href":"http:\/\/www.frontkratzer.de\/index.php?rest_route=%2Fwp%2Fv2%2Ftags&post=22"}],"curies":[{"name":"wp","href":"https:\/\/api.w.org\/{rel}","templated":true}]}}